{"id":2512,"date":"2023-07-13T14:18:41","date_gmt":"2023-07-13T14:18:41","guid":{"rendered":"https:\/\/ategina.iscsp.ulisboa.pt\/de-lisboa-para-os-tropicos\/"},"modified":"2023-07-13T14:54:45","modified_gmt":"2023-07-13T14:54:45","slug":"de-lisboa-para-os-tropicos","status":"publish","type":"post","link":"https:\/\/ategina.iscsp.ulisboa.pt\/en\/de-lisboa-para-os-tropicos\/","title":{"rendered":"De Lisboa para os Tr\u00f3picos"},"content":{"rendered":"\t\t<div data-elementor-type=\"wp-post\" data-elementor-id=\"2512\" class=\"elementor elementor-2512 elementor-2498\">\n\t\t\t\t\t\t\t\t\t<section class=\"elementor-section elementor-top-section elementor-element elementor-element-467442a9 elementor-section-boxed elementor-section-height-default elementor-section-height-default\" data-id=\"467442a9\" data-element_type=\"section\">\n\t\t\t\t\t\t<div class=\"elementor-container elementor-column-gap-no\">\n\t\t\t\t\t<div class=\"elementor-column elementor-col-100 elementor-top-column elementor-element elementor-element-781ccf67\" data-id=\"781ccf67\" data-element_type=\"column\">\n\t\t\t<div class=\"elementor-widget-wrap elementor-element-populated\">\n\t\t\t\t\t\t\t\t<section class=\"elementor-section elementor-inner-section elementor-element elementor-element-142ed12e elementor-section-boxed elementor-section-height-default elementor-section-height-default\" data-id=\"142ed12e\" data-element_type=\"section\">\n\t\t\t\t\t\t<div class=\"elementor-container elementor-column-gap-no\">\n\t\t\t\t\t<div class=\"elementor-column elementor-col-50 elementor-inner-column elementor-element elementor-element-23ebc2b7\" data-id=\"23ebc2b7\" data-element_type=\"column\">\n\t\t\t<div class=\"elementor-widget-wrap elementor-element-populated\">\n\t\t\t\t\t\t\t\t<div class=\"elementor-element elementor-element-993a60b elementor-widget elementor-widget-heading\" data-id=\"993a60b\" data-element_type=\"widget\" data-widget_type=\"heading.default\">\n\t\t\t\t<div class=\"elementor-widget-container\">\n\t\t\t<h4 class=\"elementor-heading-title elementor-size-default\">De Lisboa para os Tr\u00f3picos<\/h4>\t\t<\/div>\n\t\t\t\t<\/div>\n\t\t\t\t<div class=\"elementor-element elementor-element-6ef7729d elementor-widget elementor-widget-heading\" data-id=\"6ef7729d\" data-element_type=\"widget\" data-widget_type=\"heading.default\">\n\t\t\t\t<div class=\"elementor-widget-container\">\n\t\t\t<h4 class=\"elementor-heading-title elementor-size-default\">Photography Exhibition<\/h4>\t\t<\/div>\n\t\t\t\t<\/div>\n\t\t\t\t<div class=\"elementor-element elementor-element-29dbbd99 elementor-widget elementor-widget-heading\" data-id=\"29dbbd99\" data-element_type=\"widget\" data-widget_type=\"heading.default\">\n\t\t\t\t<div class=\"elementor-widget-container\">\n\t\t\t<h5 class=\"elementor-heading-title elementor-size-default\">July 4 to September 30, 2023<\/h5>\t\t<\/div>\n\t\t\t\t<\/div>\n\t\t\t\t<div class=\"elementor-element elementor-element-534eb2bd elementor-widget-divider--view-line elementor-widget elementor-widget-divider\" data-id=\"534eb2bd\" data-element_type=\"widget\" data-widget_type=\"divider.default\">\n\t\t\t\t<div class=\"elementor-widget-container\">\n\t\t\t\t\t<div class=\"elementor-divider\">\n\t\t\t<span class=\"elementor-divider-separator\">\n\t\t\t\t\t\t<\/span>\n\t\t<\/div>\n\t\t\t\t<\/div>\n\t\t\t\t<\/div>\n\t\t\t\t<div class=\"elementor-element elementor-element-2eb9f865 elementor-widget elementor-widget-text-editor\" data-id=\"2eb9f865\" data-element_type=\"widget\" data-widget_type=\"text-editor.default\">\n\t\t\t\t<div class=\"elementor-widget-container\">\n\t\t\t\t\t\t\t<p><strong>News<\/strong>:<\/p>\n<ul>\n<li><a href=\"https:\/\/www.iscsp.ulisboa.pt\/pt\/servicos\/comunicacao\/eventos\/de-lisboa-para-os-tropicos\" target=\"_blank\" rel=\"noopener\">Exposi\u00e7\u00e3o \u201cDe Lisboa para os Tr\u00f3picos&#8221;<\/a><\/li>\n<li><a href=\"https:\/\/www.ctrop.ulisboa.pt\/noticias-base\/de-lisboa-para-os-tropicos-exposicao-de-fotografia-assinala-2-aniversario-do-colegio-tropical\" target=\"_blank\" rel=\"noopener\">De Lisboa para os Tr\u00f3picos: exposi\u00e7\u00e3o de fotografia assinala 2\u00ba anivers\u00e1rio do Col\u00e9gio Tropical<\/a><\/li>\n<\/ul>\n\t\t\t\t\t\t<\/div>\n\t\t\t\t<\/div>\n\t\t\t\t\t<\/div>\n\t\t<\/div>\n\t\t\t\t<div class=\"elementor-column elementor-col-50 elementor-inner-column elementor-element elementor-element-1f32f771\" data-id=\"1f32f771\" data-element_type=\"column\">\n\t\t\t<div class=\"elementor-widget-wrap elementor-element-populated\">\n\t\t\t\t\t\t\t\t<div class=\"elementor-element elementor-element-1fb1704b elementor-widget__width-initial elementor-widget elementor-widget-image\" data-id=\"1fb1704b\" data-element_type=\"widget\" data-widget_type=\"image.default\">\n\t\t\t\t<div class=\"elementor-widget-container\">\n\t\t\t\t\t\t\t\t\t\t\t\t\t\t\t<img fetchpriority=\"high\" decoding=\"async\" width=\"695\" height=\"300\" src=\"https:\/\/ategina.iscsp.ulisboa.pt\/wp-content\/uploads\/2023\/07\/thumb_dest_expo_tropicos.jpg\" class=\"attachment-large size-large wp-image-2500\" alt=\"\" srcset=\"https:\/\/ategina.iscsp.ulisboa.pt\/wp-content\/uploads\/2023\/07\/thumb_dest_expo_tropicos.jpg 695w, https:\/\/ategina.iscsp.ulisboa.pt\/wp-content\/uploads\/2023\/07\/thumb_dest_expo_tropicos-300x129.jpg 300w\" sizes=\"(max-width: 695px) 100vw, 695px\" \/>\t\t\t\t\t\t\t\t\t\t\t\t\t\t\t<\/div>\n\t\t\t\t<\/div>\n\t\t\t\t\t<\/div>\n\t\t<\/div>\n\t\t\t\t\t\t\t<\/div>\n\t\t<\/section>\n\t\t\t\t\t<\/div>\n\t\t<\/div>\n\t\t\t\t\t\t\t<\/div>\n\t\t<\/section>\n\t\t\t\t<section class=\"elementor-section elementor-top-section elementor-element elementor-element-bc0efa0 elementor-section-boxed elementor-section-height-default elementor-section-height-default\" data-id=\"bc0efa0\" data-element_type=\"section\">\n\t\t\t\t\t\t<div class=\"elementor-container elementor-column-gap-no\">\n\t\t\t\t\t<div class=\"elementor-column elementor-col-50 elementor-top-column elementor-element elementor-element-7a98115\" data-id=\"7a98115\" data-element_type=\"column\">\n\t\t\t<div class=\"elementor-widget-wrap elementor-element-populated\">\n\t\t\t\t\t\t\t\t<div class=\"elementor-element elementor-element-20fce2f elementor-widget elementor-widget-image\" data-id=\"20fce2f\" data-element_type=\"widget\" data-widget_type=\"image.default\">\n\t\t\t\t<div class=\"elementor-widget-container\">\n\t\t\t\t\t\t\t\t\t\t\t\t\t\t\t<img decoding=\"async\" width=\"800\" height=\"450\" src=\"https:\/\/ategina.iscsp.ulisboa.pt\/wp-content\/uploads\/2023\/07\/expo01.jpg\" class=\"attachment-large size-large wp-image-2506\" alt=\"\" srcset=\"https:\/\/ategina.iscsp.ulisboa.pt\/wp-content\/uploads\/2023\/07\/expo01.jpg 800w, https:\/\/ategina.iscsp.ulisboa.pt\/wp-content\/uploads\/2023\/07\/expo01-300x169.jpg 300w, https:\/\/ategina.iscsp.ulisboa.pt\/wp-content\/uploads\/2023\/07\/expo01-768x432.jpg 768w\" sizes=\"(max-width: 800px) 100vw, 800px\" \/>\t\t\t\t\t\t\t\t\t\t\t\t\t\t\t<\/div>\n\t\t\t\t<\/div>\n\t\t\t\t\t<\/div>\n\t\t<\/div>\n\t\t\t\t<div class=\"elementor-column elementor-col-50 elementor-top-column elementor-element elementor-element-ae31689\" data-id=\"ae31689\" data-element_type=\"column\">\n\t\t\t<div class=\"elementor-widget-wrap elementor-element-populated\">\n\t\t\t\t\t\t\t\t<div class=\"elementor-element elementor-element-7af76c7 elementor-widget elementor-widget-image\" data-id=\"7af76c7\" data-element_type=\"widget\" data-widget_type=\"image.default\">\n\t\t\t\t<div class=\"elementor-widget-container\">\n\t\t\t\t\t\t\t\t\t\t\t\t\t\t\t<img decoding=\"async\" width=\"800\" height=\"450\" src=\"https:\/\/ategina.iscsp.ulisboa.pt\/wp-content\/uploads\/2023\/07\/expo02.jpg\" class=\"attachment-large size-large wp-image-2508\" alt=\"\" srcset=\"https:\/\/ategina.iscsp.ulisboa.pt\/wp-content\/uploads\/2023\/07\/expo02.jpg 800w, https:\/\/ategina.iscsp.ulisboa.pt\/wp-content\/uploads\/2023\/07\/expo02-300x169.jpg 300w, https:\/\/ategina.iscsp.ulisboa.pt\/wp-content\/uploads\/2023\/07\/expo02-768x432.jpg 768w\" sizes=\"(max-width: 800px) 100vw, 800px\" \/>\t\t\t\t\t\t\t\t\t\t\t\t\t\t\t<\/div>\n\t\t\t\t<\/div>\n\t\t\t\t\t<\/div>\n\t\t<\/div>\n\t\t\t\t\t\t\t<\/div>\n\t\t<\/section>\n\t\t\t\t\t\t\t<\/div>\n\t\t","protected":false},"excerpt":{"rendered":"<p>Photography Exhibition<\/p>\n","protected":false},"author":1,"featured_media":2500,"comment_status":"open","ping_status":"open","sticky":false,"template":"elementor_header_footer","format":"standard","meta":{"footnotes":""},"categories":[65],"tags":[],"_links":{"self":[{"href":"https:\/\/ategina.iscsp.ulisboa.pt\/en\/wp-json\/wp\/v2\/posts\/2512"}],"collection":[{"href":"https:\/\/ategina.iscsp.ulisboa.pt\/en\/wp-json\/wp\/v2\/posts"}],"about":[{"href":"https:\/\/ategina.iscsp.ulisboa.pt\/en\/wp-json\/wp\/v2\/types\/post"}],"author":[{"embeddable":true,"href":"https:\/\/ategina.iscsp.ulisboa.pt\/en\/wp-json\/wp\/v2\/users\/1"}],"replies":[{"embeddable":true,"href":"https:\/\/ategina.iscsp.ulisboa.pt\/en\/wp-json\/wp\/v2\/comments?post=2512"}],"version-history":[{"count":3,"href":"https:\/\/ategina.iscsp.ulisboa.pt\/en\/wp-json\/wp\/v2\/posts\/2512\/revisions"}],"predecessor-version":[{"id":2516,"href":"https:\/\/ategina.iscsp.ulisboa.pt\/en\/wp-json\/wp\/v2\/posts\/2512\/revisions\/2516"}],"wp:featuredmedia":[{"embeddable":true,"href":"https:\/\/ategina.iscsp.ulisboa.pt\/en\/wp-json\/wp\/v2\/media\/2500"}],"wp:attachment":[{"href":"https:\/\/ategina.iscsp.ulisboa.pt\/en\/wp-json\/wp\/v2\/media?parent=2512"}],"wp:term":[{"taxonomy":"category","embeddable":true,"href":"https:\/\/ategina.iscsp.ulisboa.pt\/en\/wp-json\/wp\/v2\/categories?post=2512"},{"taxonomy":"post_tag","embeddable":true,"href":"https:\/\/ategina.iscsp.ulisboa.pt\/en\/wp-json\/wp\/v2\/tags?post=2512"}],"curies":[{"name":"wp","href":"https:\/\/api.w.org\/{rel}","templated":true}]}}